{"id":182,"date":"2025-03-28T11:44:57","date_gmt":"2025-03-28T11:44:57","guid":{"rendered":"https:\/\/reformasredondo.com\/blog\/?p=182"},"modified":"2025-10-30T10:58:37","modified_gmt":"2025-10-30T10:58:37","slug":"reformar-un-local-comercial-en-erandio-claves-antes-de-abrir-tu-negocio","status":"publish","type":"post","link":"https:\/\/reformasredondo.com\/blog\/reformar-un-local-comercial-en-erandio-claves-antes-de-abrir-tu-negocio\/","title":{"rendered":"Reformar un local comercial en Erandio: claves antes de abrir tu negocio"},"content":{"rendered":"<p>\u00bfEst\u00e1s pensando en abrir un negocio en Erandio? Una de las decisiones m\u00e1s importantes ser\u00e1 <a href=\"https:\/\/reformasredondo.com\/reformas-locales\/\"><strong>reformar el local comercial<\/strong><\/a> donde desarrolles tu actividad. Tanto si vas a abrir una tienda, una peluquer\u00eda, una cafeter\u00eda o cualquier otro negocio, es fundamental planificar bien la reforma para cumplir normativa, optimizar el espacio y transmitir una imagen profesional.<\/p>\n<p><!--more--><\/p>\n<h2><img loading=\"lazy\" decoding=\"async\" class=\"alignnone size-full wp-image-185\" src=\"https:\/\/reformasredondo.com\/blog\/wp-content\/uploads\/2025\/03\/Reformar-un-local-comercial-en-Erandio.webp\" alt=\"\" width=\"1536\" height=\"1024\" srcset=\"https:\/\/reformasredondo.com\/blog\/wp-content\/uploads\/2025\/03\/Reformar-un-local-comercial-en-Erandio.webp 1536w, https:\/\/reformasredondo.com\/blog\/wp-content\/uploads\/2025\/03\/Reformar-un-local-comercial-en-Erandio-300x200.webp 300w, https:\/\/reformasredondo.com\/blog\/wp-content\/uploads\/2025\/03\/Reformar-un-local-comercial-en-Erandio-1024x683.webp 1024w, https:\/\/reformasredondo.com\/blog\/wp-content\/uploads\/2025\/03\/Reformar-un-local-comercial-en-Erandio-768x512.webp 768w\" sizes=\"auto, (max-width: 1536px) 100vw, 1536px\" \/><\/h2>\n<h2>1. Revisa la normativa y solicita los permisos<\/h2>\n<p>Antes de empezar cualquier obra, es imprescindible consultar con el ayuntamiento de Erandio qu\u00e9 tipo de licencia necesitas. Dependiendo del uso que se le vaya a dar al local, del alcance de la reforma y de si hay cambios estructurales o de actividad, se requerir\u00e1 una <strong>licencia de obra menor o mayor<\/strong>, y puede que tambi\u00e9n un proyecto t\u00e9cnico firmado por un profesional.<\/p>\n<p>Tambi\u00e9n es importante verificar si el local est\u00e1 adaptado a las normativas de accesibilidad, ventilaci\u00f3n, salida de humos (en caso de hosteler\u00eda), insonorizaci\u00f3n y seguridad.<\/p>\n<h2>2. Define la distribuci\u00f3n y la imagen de marca<\/h2>\n<p>Uno de los objetivos clave en una reforma de local comercial es que el espacio funcione. Hay que tener en cuenta la circulaci\u00f3n de clientes, el \u00e1rea de atenci\u00f3n, el almac\u00e9n, los aseos, los mostradores, etc. Una <strong>buena distribuci\u00f3n<\/strong> har\u00e1 m\u00e1s c\u00f3modo el d\u00eda a d\u00eda y generar\u00e1 una experiencia positiva para quien entre por la puerta.<\/p>\n<p>Adem\u00e1s, toda la reforma debe reflejar la <strong>identidad visual del negocio<\/strong>: colores, acabados, iluminaci\u00f3n y materiales deben estar alineados con tu marca para causar buena impresi\u00f3n desde el primer momento.<\/p>\n<h2>3. Planifica el presupuesto y el tiempo de ejecuci\u00f3n<\/h2>\n<p>Es importante tener claro cu\u00e1nto puedes invertir y en qu\u00e9 plazo necesitas que est\u00e9 todo listo. A la hora de <strong>reformar un local comercial en Erandio<\/strong>, los plazos pueden variar mucho seg\u00fan el estado inicial del espacio, la magnitud de los cambios y la disponibilidad de materiales.<\/p>\n<p>En Reformas Redondo te ayudamos a definir un presupuesto realista y adaptado a tu proyecto, priorizando las partidas m\u00e1s importantes y evitando imprevistos innecesarios.<\/p>\n<h2>4. Conf\u00eda en una empresa especializada en reformas para negocios<\/h2>\n<p>Contar con profesionales con experiencia en reformas de locales es clave. No se trata solo de ejecutar una obra bien hecha, sino de saber coordinar gremios, cumplir plazos, adaptar la reforma a la normativa vigente y cuidar cada detalle para que el resultado est\u00e9 listo para funcionar desde el primer d\u00eda.<\/p>\n<p>En <strong>Reformas Redondo<\/strong> llevamos a\u00f1os reformando locales comerciales en Erandio y otros municipios de Bizkaia. Nos adaptamos a las necesidades de cada negocio, ya sea peque\u00f1o comercio, franquicia, local de hosteler\u00eda o cl\u00ednica profesional.<\/p>\n<h2>\u00bfNecesitas reformar un local comercial en Erandio?<\/h2>\n<p>Si est\u00e1s buscando una empresa de confianza para llevar a cabo la <strong>reforma de tu local en Erandio<\/strong>, contacta con nosotros. Te ofreceremos asesoramiento personalizado y un presupuesto sin compromiso.<\/p>\n<p><strong>\ud83d\udccd Estamos en Astrabudua \u2013 Trabajamos en toda la zona de Bilbao y alrededores<\/strong><\/p>\n<p><strong>\ud83d\udcde Ll\u00e1manos o escr\u00edbenos y te ayudamos a empezar tu negocio con buen pie<\/strong><\/p>\n","protected":false},"excerpt":{"rendered":"<p>\u00bfEst\u00e1s pensando en abrir un negocio en Erandio? Una de las decisiones m\u00e1s importantes ser\u00e1 reformar el local comercial donde desarrolles tu actividad. Tanto si vas a abrir una tienda, una peluquer\u00eda, una cafeter\u00eda o cualquier otro negocio, es fundamental planificar bien la reforma para cumplir normativa, optimizar el espacio y transmitir una imagen profesional.<\/p>\n","protected":false},"author":1,"featured_media":185,"comment_status":"open","ping_status":"open","sticky":false,"template":"","format":"standard","meta":{"site-sidebar-layout":"default","site-content-layout":"","ast-site-content-layout":"default","site-content-style":"default","site-sidebar-style":"default","ast-global-header-display":"","ast-banner-title-visibility":"","ast-main-header-display":"","ast-hfb-above-header-display":"","ast-hfb-below-header-display":"","ast-hfb-mobile-header-display":"","site-post-title":"","ast-breadcrumbs-content":"","ast-featured-img":"","footer-sml-layout":"","theme-transparent-header-meta":"default","adv-header-id-meta":"","stick-header-meta":"","header-above-stick-meta":"","header-main-stick-meta":"","header-below-stick-meta":"","astra-migrate-meta-layouts":"set","ast-page-background-enabled":"default","ast-page-background-meta":{"desktop":{"background-color":"var(--ast-global-color-5)","background-image":"","background-repeat":"repeat","background-position":"center center","background-size":"auto","background-attachment":"scroll","background-type":"","background-media":"","overlay-type":"","overlay-color":"","overlay-opacity":"","overlay-gradient":""},"tablet":{"background-color":"","background-image":"","background-repeat":"repeat","background-position":"center center","background-size":"auto","background-attachment":"scroll","background-type":"","background-media":"","overlay-type":"","overlay-color":"","overlay-opacity":"","overlay-gradient":""},"mobile":{"background-color":"","background-image":"","background-repeat":"repeat","background-position":"center center","background-size":"auto","background-attachment":"scroll","background-type":"","background-media":"","overlay-type":"","overlay-color":"","overlay-opacity":"","overlay-gradient":""}},"ast-content-background-meta":{"desktop":{"background-color":"var(--ast-global-color-4)","background-image":"","background-repeat":"repeat","background-position":"center center","background-size":"auto","background-attachment":"scroll","background-type":"","background-media":"","overlay-type":"","overlay-color":"","overlay-opacity":"","overlay-gradient":""},"tablet":{"background-color":"var(--ast-global-color-4)","background-image":"","background-repeat":"repeat","background-position":"center center","background-size":"auto","background-attachment":"scroll","background-type":"","background-media":"","overlay-type":"","overlay-color":"","overlay-opacity":"","overlay-gradient":""},"mobile":{"background-color":"var(--ast-global-color-4)","background-image":"","background-repeat":"repeat","background-position":"center center","background-size":"auto","background-attachment":"scroll","background-type":"","background-media":"","overlay-type":"","overlay-color":"","overlay-opacity":"","overlay-gradient":""}},"footnotes":""},"categories":[1],"tags":[],"class_list":["post-182","post","type-post","status-publish","format-standard","has-post-thumbnail","hentry","category-briconsejos"],"yoast_head":"<!-- This site is optimized with the Yoast SEO plugin v26.2 - https:\/\/yoast.com\/wordpress\/plugins\/seo\/ -->\n<title>Reformar un local comercial en Erandio: claves antes de abrir tu negocio - Reformas Redondo<\/title>\n<meta name=\"robots\" content=\"index, follow, max-snippet:-1, max-image-preview:large, max-video-preview:-1\" \/>\n<link rel=\"canonical\" href=\"https:\/\/reformasredondo.com\/blog\/reformar-un-local-comercial-en-erandio-claves-antes-de-abrir-tu-negocio\/\" \/>\n<meta property=\"og:locale\" content=\"es_ES\" \/>\n<meta property=\"og:type\" content=\"article\" \/>\n<meta property=\"og:title\" content=\"Reformar un local comercial en Erandio: claves antes de abrir tu negocio - Reformas Redondo\" \/>\n<meta property=\"og:description\" content=\"\u00bfEst\u00e1s pensando en abrir un negocio en Erandio? Una de las decisiones m\u00e1s importantes ser\u00e1 reformar el local comercial donde desarrolles tu actividad. Tanto si vas a abrir una tienda, una peluquer\u00eda, una cafeter\u00eda o cualquier otro negocio, es fundamental planificar bien la reforma para cumplir normativa, optimizar el espacio y transmitir una imagen profesional.\" \/>\n<meta property=\"og:url\" content=\"https:\/\/reformasredondo.com\/blog\/reformar-un-local-comercial-en-erandio-claves-antes-de-abrir-tu-negocio\/\" \/>\n<meta property=\"og:site_name\" content=\"Reformas Redondo\" \/>\n<meta property=\"article:published_time\" content=\"2025-03-28T11:44:57+00:00\" \/>\n<meta property=\"article:modified_time\" content=\"2025-10-30T10:58:37+00:00\" \/>\n<meta property=\"og:image\" content=\"https:\/\/reformasredondo.com\/blog\/wp-content\/uploads\/2025\/03\/Reformar-un-local-comercial-en-Erandio.webp\" \/>\n\t<meta property=\"og:image:width\" content=\"1536\" \/>\n\t<meta property=\"og:image:height\" content=\"1024\" \/>\n\t<meta property=\"og:image:type\" content=\"image\/webp\" \/>\n<meta name=\"author\" content=\"reformasredondo\" \/>\n<meta name=\"twitter:card\" content=\"summary_large_image\" \/>\n<meta name=\"twitter:label1\" content=\"Escrito por\" \/>\n\t<meta name=\"twitter:data1\" content=\"reformasredondo\" \/>\n\t<meta name=\"twitter:label2\" content=\"Tiempo de lectura\" \/>\n\t<meta name=\"twitter:data2\" content=\"3 minutos\" \/>\n<script type=\"application\/ld+json\" class=\"yoast-schema-graph\">{\"@context\":\"https:\/\/schema.org\",\"@graph\":[{\"@type\":\"Article\",\"@id\":\"https:\/\/reformasredondo.com\/blog\/reformar-un-local-comercial-en-erandio-claves-antes-de-abrir-tu-negocio\/#article\",\"isPartOf\":{\"@id\":\"https:\/\/reformasredondo.com\/blog\/reformar-un-local-comercial-en-erandio-claves-antes-de-abrir-tu-negocio\/\"},\"author\":{\"name\":\"reformasredondo\",\"@id\":\"https:\/\/reformasredondo.com\/blog\/#\/schema\/person\/5554a24f34b2c1a2657281f5557ee556\"},\"headline\":\"Reformar un local comercial en Erandio: claves antes de abrir tu negocio\",\"datePublished\":\"2025-03-28T11:44:57+00:00\",\"dateModified\":\"2025-10-30T10:58:37+00:00\",\"mainEntityOfPage\":{\"@id\":\"https:\/\/reformasredondo.com\/blog\/reformar-un-local-comercial-en-erandio-claves-antes-de-abrir-tu-negocio\/\"},\"wordCount\":527,\"commentCount\":0,\"publisher\":{\"@id\":\"https:\/\/reformasredondo.com\/blog\/#organization\"},\"image\":{\"@id\":\"https:\/\/reformasredondo.com\/blog\/reformar-un-local-comercial-en-erandio-claves-antes-de-abrir-tu-negocio\/#primaryimage\"},\"thumbnailUrl\":\"https:\/\/reformasredondo.com\/blog\/wp-content\/uploads\/2025\/03\/Reformar-un-local-comercial-en-Erandio.webp\",\"articleSection\":[\"Briconsejos\"],\"inLanguage\":\"es\",\"potentialAction\":[{\"@type\":\"CommentAction\",\"name\":\"Comment\",\"target\":[\"https:\/\/reformasredondo.com\/blog\/reformar-un-local-comercial-en-erandio-claves-antes-de-abrir-tu-negocio\/#respond\"]}]},{\"@type\":\"WebPage\",\"@id\":\"https:\/\/reformasredondo.com\/blog\/reformar-un-local-comercial-en-erandio-claves-antes-de-abrir-tu-negocio\/\",\"url\":\"https:\/\/reformasredondo.com\/blog\/reformar-un-local-comercial-en-erandio-claves-antes-de-abrir-tu-negocio\/\",\"name\":\"Reformar un local comercial en Erandio: claves antes de abrir tu negocio - Reformas Redondo\",\"isPartOf\":{\"@id\":\"https:\/\/reformasredondo.com\/blog\/#website\"},\"primaryImageOfPage\":{\"@id\":\"https:\/\/reformasredondo.com\/blog\/reformar-un-local-comercial-en-erandio-claves-antes-de-abrir-tu-negocio\/#primaryimage\"},\"image\":{\"@id\":\"https:\/\/reformasredondo.com\/blog\/reformar-un-local-comercial-en-erandio-claves-antes-de-abrir-tu-negocio\/#primaryimage\"},\"thumbnailUrl\":\"https:\/\/reformasredondo.com\/blog\/wp-content\/uploads\/2025\/03\/Reformar-un-local-comercial-en-Erandio.webp\",\"datePublished\":\"2025-03-28T11:44:57+00:00\",\"dateModified\":\"2025-10-30T10:58:37+00:00\",\"breadcrumb\":{\"@id\":\"https:\/\/reformasredondo.com\/blog\/reformar-un-local-comercial-en-erandio-claves-antes-de-abrir-tu-negocio\/#breadcrumb\"},\"inLanguage\":\"es\",\"potentialAction\":[{\"@type\":\"ReadAction\",\"target\":[\"https:\/\/reformasredondo.com\/blog\/reformar-un-local-comercial-en-erandio-claves-antes-de-abrir-tu-negocio\/\"]}]},{\"@type\":\"ImageObject\",\"inLanguage\":\"es\",\"@id\":\"https:\/\/reformasredondo.com\/blog\/reformar-un-local-comercial-en-erandio-claves-antes-de-abrir-tu-negocio\/#primaryimage\",\"url\":\"https:\/\/reformasredondo.com\/blog\/wp-content\/uploads\/2025\/03\/Reformar-un-local-comercial-en-Erandio.webp\",\"contentUrl\":\"https:\/\/reformasredondo.com\/blog\/wp-content\/uploads\/2025\/03\/Reformar-un-local-comercial-en-Erandio.webp\",\"width\":1536,\"height\":1024},{\"@type\":\"BreadcrumbList\",\"@id\":\"https:\/\/reformasredondo.com\/blog\/reformar-un-local-comercial-en-erandio-claves-antes-de-abrir-tu-negocio\/#breadcrumb\",\"itemListElement\":[{\"@type\":\"ListItem\",\"position\":1,\"name\":\"Portada\",\"item\":\"https:\/\/reformasredondo.com\/blog\/\"},{\"@type\":\"ListItem\",\"position\":2,\"name\":\"Reformar un local comercial en Erandio: claves antes de abrir tu negocio\"}]},{\"@type\":\"WebSite\",\"@id\":\"https:\/\/reformasredondo.com\/blog\/#website\",\"url\":\"https:\/\/reformasredondo.com\/blog\/\",\"name\":\"Reformas Redondo\",\"description\":\"Empresa de reformas en Bilbao\",\"publisher\":{\"@id\":\"https:\/\/reformasredondo.com\/blog\/#organization\"},\"potentialAction\":[{\"@type\":\"SearchAction\",\"target\":{\"@type\":\"EntryPoint\",\"urlTemplate\":\"https:\/\/reformasredondo.com\/blog\/?s={search_term_string}\"},\"query-input\":{\"@type\":\"PropertyValueSpecification\",\"valueRequired\":true,\"valueName\":\"search_term_string\"}}],\"inLanguage\":\"es\"},{\"@type\":\"Organization\",\"@id\":\"https:\/\/reformasredondo.com\/blog\/#organization\",\"name\":\"Reformas Redondo SL\",\"url\":\"https:\/\/reformasredondo.com\/blog\/\",\"logo\":{\"@type\":\"ImageObject\",\"inLanguage\":\"es\",\"@id\":\"https:\/\/reformasredondo.com\/blog\/#\/schema\/logo\/image\/\",\"url\":\"https:\/\/reformasredondo.com\/blog\/wp-content\/uploads\/2014\/04\/logo2014.png\",\"contentUrl\":\"https:\/\/reformasredondo.com\/blog\/wp-content\/uploads\/2014\/04\/logo2014.png\",\"width\":304,\"height\":152,\"caption\":\"Reformas Redondo SL\"},\"image\":{\"@id\":\"https:\/\/reformasredondo.com\/blog\/#\/schema\/logo\/image\/\"},\"sameAs\":[\"https:\/\/www.instagram.com\/reformasredondo\/\"]},{\"@type\":\"Person\",\"@id\":\"https:\/\/reformasredondo.com\/blog\/#\/schema\/person\/5554a24f34b2c1a2657281f5557ee556\",\"name\":\"reformasredondo\",\"image\":{\"@type\":\"ImageObject\",\"inLanguage\":\"es\",\"@id\":\"https:\/\/reformasredondo.com\/blog\/#\/schema\/person\/image\/\",\"url\":\"https:\/\/secure.gravatar.com\/avatar\/12fb3b21a4952a1c7b464a1e3fbb1da0d38cefa803145aca0538b0d0b5d9d26a?s=96&d=mm&r=g\",\"contentUrl\":\"https:\/\/secure.gravatar.com\/avatar\/12fb3b21a4952a1c7b464a1e3fbb1da0d38cefa803145aca0538b0d0b5d9d26a?s=96&d=mm&r=g\",\"caption\":\"reformasredondo\"}}]}<\/script>\n<!-- \/ Yoast SEO plugin. -->","yoast_head_json":{"title":"Reformar un local comercial en Erandio: claves antes de abrir tu negocio - Reformas Redondo","robots":{"index":"index","follow":"follow","max-snippet":"max-snippet:-1","max-image-preview":"max-image-preview:large","max-video-preview":"max-video-preview:-1"},"canonical":"https:\/\/reformasredondo.com\/blog\/reformar-un-local-comercial-en-erandio-claves-antes-de-abrir-tu-negocio\/","og_locale":"es_ES","og_type":"article","og_title":"Reformar un local comercial en Erandio: claves antes de abrir tu negocio - Reformas Redondo","og_description":"\u00bfEst\u00e1s pensando en abrir un negocio en Erandio? Una de las decisiones m\u00e1s importantes ser\u00e1 reformar el local comercial donde desarrolles tu actividad. Tanto si vas a abrir una tienda, una peluquer\u00eda, una cafeter\u00eda o cualquier otro negocio, es fundamental planificar bien la reforma para cumplir normativa, optimizar el espacio y transmitir una imagen profesional.","og_url":"https:\/\/reformasredondo.com\/blog\/reformar-un-local-comercial-en-erandio-claves-antes-de-abrir-tu-negocio\/","og_site_name":"Reformas Redondo","article_published_time":"2025-03-28T11:44:57+00:00","article_modified_time":"2025-10-30T10:58:37+00:00","og_image":[{"width":1536,"height":1024,"url":"https:\/\/reformasredondo.com\/blog\/wp-content\/uploads\/2025\/03\/Reformar-un-local-comercial-en-Erandio.webp","type":"image\/webp"}],"author":"reformasredondo","twitter_card":"summary_large_image","twitter_misc":{"Escrito por":"reformasredondo","Tiempo de lectura":"3 minutos"},"schema":{"@context":"https:\/\/schema.org","@graph":[{"@type":"Article","@id":"https:\/\/reformasredondo.com\/blog\/reformar-un-local-comercial-en-erandio-claves-antes-de-abrir-tu-negocio\/#article","isPartOf":{"@id":"https:\/\/reformasredondo.com\/blog\/reformar-un-local-comercial-en-erandio-claves-antes-de-abrir-tu-negocio\/"},"author":{"name":"reformasredondo","@id":"https:\/\/reformasredondo.com\/blog\/#\/schema\/person\/5554a24f34b2c1a2657281f5557ee556"},"headline":"Reformar un local comercial en Erandio: claves antes de abrir tu negocio","datePublished":"2025-03-28T11:44:57+00:00","dateModified":"2025-10-30T10:58:37+00:00","mainEntityOfPage":{"@id":"https:\/\/reformasredondo.com\/blog\/reformar-un-local-comercial-en-erandio-claves-antes-de-abrir-tu-negocio\/"},"wordCount":527,"commentCount":0,"publisher":{"@id":"https:\/\/reformasredondo.com\/blog\/#organization"},"image":{"@id":"https:\/\/reformasredondo.com\/blog\/reformar-un-local-comercial-en-erandio-claves-antes-de-abrir-tu-negocio\/#primaryimage"},"thumbnailUrl":"https:\/\/reformasredondo.com\/blog\/wp-content\/uploads\/2025\/03\/Reformar-un-local-comercial-en-Erandio.webp","articleSection":["Briconsejos"],"inLanguage":"es","potentialAction":[{"@type":"CommentAction","name":"Comment","target":["https:\/\/reformasredondo.com\/blog\/reformar-un-local-comercial-en-erandio-claves-antes-de-abrir-tu-negocio\/#respond"]}]},{"@type":"WebPage","@id":"https:\/\/reformasredondo.com\/blog\/reformar-un-local-comercial-en-erandio-claves-antes-de-abrir-tu-negocio\/","url":"https:\/\/reformasredondo.com\/blog\/reformar-un-local-comercial-en-erandio-claves-antes-de-abrir-tu-negocio\/","name":"Reformar un local comercial en Erandio: claves antes de abrir tu negocio - Reformas Redondo","isPartOf":{"@id":"https:\/\/reformasredondo.com\/blog\/#website"},"primaryImageOfPage":{"@id":"https:\/\/reformasredondo.com\/blog\/reformar-un-local-comercial-en-erandio-claves-antes-de-abrir-tu-negocio\/#primaryimage"},"image":{"@id":"https:\/\/reformasredondo.com\/blog\/reformar-un-local-comercial-en-erandio-claves-antes-de-abrir-tu-negocio\/#primaryimage"},"thumbnailUrl":"https:\/\/reformasredondo.com\/blog\/wp-content\/uploads\/2025\/03\/Reformar-un-local-comercial-en-Erandio.webp","datePublished":"2025-03-28T11:44:57+00:00","dateModified":"2025-10-30T10:58:37+00:00","breadcrumb":{"@id":"https:\/\/reformasredondo.com\/blog\/reformar-un-local-comercial-en-erandio-claves-antes-de-abrir-tu-negocio\/#breadcrumb"},"inLanguage":"es","potentialAction":[{"@type":"ReadAction","target":["https:\/\/reformasredondo.com\/blog\/reformar-un-local-comercial-en-erandio-claves-antes-de-abrir-tu-negocio\/"]}]},{"@type":"ImageObject","inLanguage":"es","@id":"https:\/\/reformasredondo.com\/blog\/reformar-un-local-comercial-en-erandio-claves-antes-de-abrir-tu-negocio\/#primaryimage","url":"https:\/\/reformasredondo.com\/blog\/wp-content\/uploads\/2025\/03\/Reformar-un-local-comercial-en-Erandio.webp","contentUrl":"https:\/\/reformasredondo.com\/blog\/wp-content\/uploads\/2025\/03\/Reformar-un-local-comercial-en-Erandio.webp","width":1536,"height":1024},{"@type":"BreadcrumbList","@id":"https:\/\/reformasredondo.com\/blog\/reformar-un-local-comercial-en-erandio-claves-antes-de-abrir-tu-negocio\/#breadcrumb","itemListElement":[{"@type":"ListItem","position":1,"name":"Portada","item":"https:\/\/reformasredondo.com\/blog\/"},{"@type":"ListItem","position":2,"name":"Reformar un local comercial en Erandio: claves antes de abrir tu negocio"}]},{"@type":"WebSite","@id":"https:\/\/reformasredondo.com\/blog\/#website","url":"https:\/\/reformasredondo.com\/blog\/","name":"Reformas Redondo","description":"Empresa de reformas en Bilbao","publisher":{"@id":"https:\/\/reformasredondo.com\/blog\/#organization"},"potentialAction":[{"@type":"SearchAction","target":{"@type":"EntryPoint","urlTemplate":"https:\/\/reformasredondo.com\/blog\/?s={search_term_string}"},"query-input":{"@type":"PropertyValueSpecification","valueRequired":true,"valueName":"search_term_string"}}],"inLanguage":"es"},{"@type":"Organization","@id":"https:\/\/reformasredondo.com\/blog\/#organization","name":"Reformas Redondo SL","url":"https:\/\/reformasredondo.com\/blog\/","logo":{"@type":"ImageObject","inLanguage":"es","@id":"https:\/\/reformasredondo.com\/blog\/#\/schema\/logo\/image\/","url":"https:\/\/reformasredondo.com\/blog\/wp-content\/uploads\/2014\/04\/logo2014.png","contentUrl":"https:\/\/reformasredondo.com\/blog\/wp-content\/uploads\/2014\/04\/logo2014.png","width":304,"height":152,"caption":"Reformas Redondo SL"},"image":{"@id":"https:\/\/reformasredondo.com\/blog\/#\/schema\/logo\/image\/"},"sameAs":["https:\/\/www.instagram.com\/reformasredondo\/"]},{"@type":"Person","@id":"https:\/\/reformasredondo.com\/blog\/#\/schema\/person\/5554a24f34b2c1a2657281f5557ee556","name":"reformasredondo","image":{"@type":"ImageObject","inLanguage":"es","@id":"https:\/\/reformasredondo.com\/blog\/#\/schema\/person\/image\/","url":"https:\/\/secure.gravatar.com\/avatar\/12fb3b21a4952a1c7b464a1e3fbb1da0d38cefa803145aca0538b0d0b5d9d26a?s=96&d=mm&r=g","contentUrl":"https:\/\/secure.gravatar.com\/avatar\/12fb3b21a4952a1c7b464a1e3fbb1da0d38cefa803145aca0538b0d0b5d9d26a?s=96&d=mm&r=g","caption":"reformasredondo"}}]}},"_links":{"self":[{"href":"https:\/\/reformasredondo.com\/blog\/wp-json\/wp\/v2\/posts\/182","targetHints":{"allow":["GET"]}}],"collection":[{"href":"https:\/\/reformasredondo.com\/blog\/wp-json\/wp\/v2\/posts"}],"about":[{"href":"https:\/\/reformasredondo.com\/blog\/wp-json\/wp\/v2\/types\/post"}],"author":[{"embeddable":true,"href":"https:\/\/reformasredondo.com\/blog\/wp-json\/wp\/v2\/users\/1"}],"replies":[{"embeddable":true,"href":"https:\/\/reformasredondo.com\/blog\/wp-json\/wp\/v2\/comments?post=182"}],"version-history":[{"count":4,"href":"https:\/\/reformasredondo.com\/blog\/wp-json\/wp\/v2\/posts\/182\/revisions"}],"predecessor-version":[{"id":212,"href":"https:\/\/reformasredondo.com\/blog\/wp-json\/wp\/v2\/posts\/182\/revisions\/212"}],"wp:featuredmedia":[{"embeddable":true,"href":"https:\/\/reformasredondo.com\/blog\/wp-json\/wp\/v2\/media\/185"}],"wp:attachment":[{"href":"https:\/\/reformasredondo.com\/blog\/wp-json\/wp\/v2\/media?parent=182"}],"wp:term":[{"taxonomy":"category","embeddable":true,"href":"https:\/\/reformasredondo.com\/blog\/wp-json\/wp\/v2\/categories?post=182"},{"taxonomy":"post_tag","embeddable":true,"href":"https:\/\/reformasredondo.com\/blog\/wp-json\/wp\/v2\/tags?post=182"}],"curies":[{"name":"wp","href":"https:\/\/api.w.org\/{rel}","templated":true}]}}